{"id":506,"date":"2018-09-25T16:29:38","date_gmt":"2018-09-25T19:29:38","guid":{"rendered":"https:\/\/ellenwhiteaudio.org\/pt\/?p=506"},"modified":"2022-05-17T21:59:49","modified_gmt":"2022-05-18T00:59:49","slug":"paulo-o-apostolo-da-fe-e-da-coragem","status":"publish","type":"post","link":"https:\/\/ellenwhiteaudio.org\/pt\/paulo-o-apostolo-da-fe-e-da-coragem\/","title":{"rendered":"Paulo \u2013 O Ap\u00f3stolo da F\u00e9 e da Coragem"},"content":{"rendered":"\r\n<div class=\"md_albumInfo\"><img decoding=\"async\" class=\"md_coverImage\" src=\"https:\/\/ellenwhiteaudio.org\/audio\/pt\/pafc\/folder.jpg\" alt=\"Album Cover\" \/><div class=\"md_wholebook\"><h3 class=\"md_wholebook_title\">Baixe os arquivos<\/h3><ul class=\"md_wholebook_list\"><li class=\"dZip\"><a href=\"\/audio\/pt\/pafc\/Paulo%20%E2%80%93%20O%20Apo%CC%81stolo%20da%20Fe%CC%81%20e%20da%20Coragem.zip\" title=\"Paulo \u2013 O Apo\u0301stolo da Fe\u0301 e da Coragem.zip\" download=\"Paulo \u2013 O Apo\u0301stolo da Fe\u0301 e da Coragem.zip\">\u00c1udios<\/a><\/li><\/ul><\/div><\/div><table class=\"mediaTable embedPlayer autoPlayList embedposbefore\">\n<thead>\n<tr>\n<th class=\"mdTagtitle\"><\/th><th class=\"mdTagplaytime_string\"><\/th><th class=\"mediaDownload\"><\/th>\n<\/tr>\n<\/thead>\n<tbody><tr class=\"mdTags\">\n<td class=\"mdTagtitle\">00a - Pref\u00e1cio<\/td><td class=\"mdTagplaytime_string\">2:27<\/td>\n<td class=\"mediaDownload\"><a href=\"https:\/\/ellenwhiteaudio.org\/audio\/pt\/pafc\/PAFC-00a%20-%20Pref%C3%A1cio.mp3\" title=\"PAFC-00a - Pref\u00e1cio\" data-playtext=\"&lt;img src=&quot;https:\/\/ellenwhiteaudio.org\/wp-content\/uploads\/2020\/06\/play.png&quot; alt=&quot;Play&quot;\/&gt;\" data-stoptext=\"&lt;img src=&quot;https:\/\/ellenwhiteaudio.org\/wp-content\/uploads\/2020\/06\/stop.png&quot; alt=&quot;Stop&quot;\/&gt;\" data-titletext=\"Ellen G. White - PAFC-00a - Pref\u00e1cio\"  id=\"mdfile_pafc-00a-prefacio\" download=\"PAFC-00a - Pref\u00e1cio.mp3\"><img decoding=\"async\" src=\"https:\/\/ellenwhiteaudio.org\/wp-content\/uploads\/2020\/06\/download.png\" alt=\"Download\"\/><\/a><\/td>\n<\/tr>\n<tr class=\"mdTags\">\n<td class=\"mdTagtitle\">00b - Apresenta\u00e7\u0101o da Edi\u00e7\u0101o em Portugu\u00eas<\/td><td class=\"mdTagplaytime_string\">2:14<\/td>\n<td class=\"mediaDownload\"><a href=\"https:\/\/ellenwhiteaudio.org\/audio\/pt\/pafc\/PAFC-00b%20-%20Apresenta%C3%A7%C4%81o%20da%20Edi%C3%A7%C4%81o%20em%20Portugu%C3%AAs.mp3\" title=\"PAFC-00b - Apresenta\u00e7\u0101o da Edi\u00e7\u0101o em Portugu\u00eas\" data-playtext=\"&lt;img src=&quot;https:\/\/ellenwhiteaudio.org\/wp-content\/uploads\/2020\/06\/play.png&quot; alt=&quot;Play&quot;\/&gt;\" data-stoptext=\"&lt;img src=&quot;https:\/\/ellenwhiteaudio.org\/wp-content\/uploads\/2020\/06\/stop.png&quot; alt=&quot;Stop&quot;\/&gt;\" data-titletext=\"Ellen G. White - PAFC-00b - Apresenta\u00e7\u0101o da Edi\u00e7\u0101o em Portugu\u00eas\"  id=\"mdfile_pafc-00b-apresentacao-da-edicao-em-portugues\" download=\"PAFC-00b - Apresenta\u00e7\u0101o da Edi\u00e7\u0101o em Portugu\u00eas.mp3\"><img decoding=\"async\" src=\"https:\/\/ellenwhiteaudio.org\/wp-content\/uploads\/2020\/06\/download.png\" alt=\"Download\"\/><\/a><\/td>\n<\/tr>\n<tr class=\"mdTags\">\n<td class=\"mdTagtitle\">01 - Saulo, Perseguidor<\/td><td class=\"mdTagplaytime_string\">24:11<\/td>\n<td class=\"mediaDownload\"><a href=\"https:\/\/ellenwhiteaudio.org\/audio\/pt\/pafc\/PAFC-01%20-%20Saulo%2C%20Perseguidor.mp3\" title=\"PAFC-01 - Saulo, Perseguidor\" data-playtext=\"&lt;img src=&quot;https:\/\/ellenwhiteaudio.org\/wp-content\/uploads\/2020\/06\/play.png&quot; alt=&quot;Play&quot;\/&gt;\" data-stoptext=\"&lt;img src=&quot;https:\/\/ellenwhiteaudio.org\/wp-content\/uploads\/2020\/06\/stop.png&quot; alt=&quot;Stop&quot;\/&gt;\" data-titletext=\"Ellen G. White - PAFC-01 - Saulo, Perseguidor\"  id=\"mdfile_pafc-01-saulo-perseguidor\" download=\"PAFC-01 - Saulo, Perseguidor.mp3\"><img decoding=\"async\" src=\"https:\/\/ellenwhiteaudio.org\/wp-content\/uploads\/2020\/06\/download.png\" alt=\"Download\"\/><\/a><\/td>\n<\/tr>\n<tr class=\"mdTags\">\n<td class=\"mdTagtitle\">02 - Convers\u00e3o de Saulo<\/td><td class=\"mdTagplaytime_string\">22:47<\/td>\n<td class=\"mediaDownload\"><a href=\"https:\/\/ellenwhiteaudio.org\/audio\/pt\/pafc\/PAFC-02%20-%20Convers%C3%A3o%20de%20Saulo.mp3\" title=\"PAFC-02 - Convers\u00e3o de Saulo\" data-playtext=\"&lt;img src=&quot;https:\/\/ellenwhiteaudio.org\/wp-content\/uploads\/2020\/06\/play.png&quot; alt=&quot;Play&quot;\/&gt;\" data-stoptext=\"&lt;img src=&quot;https:\/\/ellenwhiteaudio.org\/wp-content\/uploads\/2020\/06\/stop.png&quot; alt=&quot;Stop&quot;\/&gt;\" data-titletext=\"Ellen G. White - PAFC-02 - Convers\u00e3o de Saulo\"  id=\"mdfile_pafc-02-conversao-de-saulo\" download=\"PAFC-02 - Convers\u00e3o de Saulo.mp3\"><img decoding=\"async\" src=\"https:\/\/ellenwhiteaudio.org\/wp-content\/uploads\/2020\/06\/download.png\" alt=\"Download\"\/><\/a><\/td>\n<\/tr>\n<tr class=\"mdTags\">\n<td class=\"mdTagtitle\">03 - Paulo Inicia seu Minist\u00e9rio<\/td><td class=\"mdTagplaytime_string\">15:03<\/td>\n<td class=\"mediaDownload\"><a href=\"https:\/\/ellenwhiteaudio.org\/audio\/pt\/pafc\/PAFC-03%20-%20Paulo%20Inicia%20seu%20Minist%C3%A9rio.mp3\" title=\"PAFC-03 - Paulo Inicia seu Minist\u00e9rio\" data-playtext=\"&lt;img src=&quot;https:\/\/ellenwhiteaudio.org\/wp-content\/uploads\/2020\/06\/play.png&quot; alt=&quot;Play&quot;\/&gt;\" data-stoptext=\"&lt;img src=&quot;https:\/\/ellenwhiteaudio.org\/wp-content\/uploads\/2020\/06\/stop.png&quot; alt=&quot;Stop&quot;\/&gt;\" data-titletext=\"Ellen G. White - PAFC-03 - Paulo Inicia seu Minist\u00e9rio\"  id=\"mdfile_pafc-03-paulo-inicia-seu-ministerio\" download=\"PAFC-03 - Paulo Inicia seu Minist\u00e9rio.mp3\"><img decoding=\"async\" src=\"https:\/\/ellenwhiteaudio.org\/wp-content\/uploads\/2020\/06\/download.png\" alt=\"Download\"\/><\/a><\/td>\n<\/tr>\n<tr class=\"mdTags\">\n<td class=\"mdTagtitle\">04 - Ordena\u00e7\u00e3o de Paulo e Barnab\u00e9<\/td><td class=\"mdTagplaytime_string\">24:37<\/td>\n<td class=\"mediaDownload\"><a href=\"https:\/\/ellenwhiteaudio.org\/audio\/pt\/pafc\/PAFC-04%20-%20Ordena%C3%A7%C3%A3o%20de%20Paulo%20e%20Barnab%C3%A9.mp3\" title=\"PAFC-04 - Ordena\u00e7\u00e3o de Paulo e Barnab\u00e9\" data-playtext=\"&lt;img src=&quot;https:\/\/ellenwhiteaudio.org\/wp-content\/uploads\/2020\/06\/play.png&quot; alt=&quot;Play&quot;\/&gt;\" data-stoptext=\"&lt;img src=&quot;https:\/\/ellenwhiteaudio.org\/wp-content\/uploads\/2020\/06\/stop.png&quot; alt=&quot;Stop&quot;\/&gt;\" data-titletext=\"Ellen G. White - PAFC-04 - Ordena\u00e7\u00e3o de Paulo e Barnab\u00e9\"  id=\"mdfile_pafc-04-ordenacao-de-paulo-e-barnabe\" download=\"PAFC-04 - Ordena\u00e7\u00e3o de Paulo e Barnab\u00e9.mp3\"><img decoding=\"async\" src=\"https:\/\/ellenwhiteaudio.org\/wp-content\/uploads\/2020\/06\/download.png\" alt=\"Download\"\/><\/a><\/td>\n<\/tr>\n<tr class=\"mdTags\">\n<td class=\"mdTagtitle\">05 - Pregando Entre os Gentios<\/td><td class=\"mdTagplaytime_string\">19:01<\/td>\n<td class=\"mediaDownload\"><a href=\"https:\/\/ellenwhiteaudio.org\/audio\/pt\/pafc\/PAFC-05%20-%20Pregando%20Entre%20os%20Gentios.mp3\" title=\"PAFC-05 - Pregando Entre os Gentios\" data-playtext=\"&lt;img src=&quot;https:\/\/ellenwhiteaudio.org\/wp-content\/uploads\/2020\/06\/play.png&quot; alt=&quot;Play&quot;\/&gt;\" data-stoptext=\"&lt;img src=&quot;https:\/\/ellenwhiteaudio.org\/wp-content\/uploads\/2020\/06\/stop.png&quot; alt=&quot;Stop&quot;\/&gt;\" data-titletext=\"Ellen G. White - PAFC-05 - Pregando Entre os Gentios\"  id=\"mdfile_pafc-05-pregando-entre-os-gentios\" download=\"PAFC-05 - Pregando Entre os Gentios.mp3\"><img decoding=\"async\" src=\"https:\/\/ellenwhiteaudio.org\/wp-content\/uploads\/2020\/06\/download.png\" alt=\"Download\"\/><\/a><\/td>\n<\/tr>\n<tr class=\"mdTags\">\n<td class=\"mdTagtitle\">06 - Judeus e Gentios<\/td><td class=\"mdTagplaytime_string\">18:05<\/td>\n<td class=\"mediaDownload\"><a href=\"https:\/\/ellenwhiteaudio.org\/audio\/pt\/pafc\/PAFC-06%20-%20Judeus%20e%20Gentios.mp3\" title=\"PAFC-06 - Judeus e Gentios\" data-playtext=\"&lt;img src=&quot;https:\/\/ellenwhiteaudio.org\/wp-content\/uploads\/2020\/06\/play.png&quot; alt=&quot;Play&quot;\/&gt;\" data-stoptext=\"&lt;img src=&quot;https:\/\/ellenwhiteaudio.org\/wp-content\/uploads\/2020\/06\/stop.png&quot; alt=&quot;Stop&quot;\/&gt;\" data-titletext=\"Ellen G. White - PAFC-06 - Judeus e Gentios\"  id=\"mdfile_pafc-06-judeus-e-gentios\" download=\"PAFC-06 - Judeus e Gentios.mp3\"><img decoding=\"async\" src=\"https:\/\/ellenwhiteaudio.org\/wp-content\/uploads\/2020\/06\/download.png\" alt=\"Download\"\/><\/a><\/td>\n<\/tr>\n<tr class=\"mdTags\">\n<td class=\"mdTagtitle\">07 - Paulo e Silas Prisioneiros<\/td><td class=\"mdTagplaytime_string\">19:22<\/td>\n<td class=\"mediaDownload\"><a href=\"https:\/\/ellenwhiteaudio.org\/audio\/pt\/pafc\/PAFC-07%20-%20Paulo%20e%20Silas%20Prisioneiros.mp3\" title=\"PAFC-07 - Paulo e Silas Prisioneiros\" data-playtext=\"&lt;img src=&quot;https:\/\/ellenwhiteaudio.org\/wp-content\/uploads\/2020\/06\/play.png&quot; alt=&quot;Play&quot;\/&gt;\" data-stoptext=\"&lt;img src=&quot;https:\/\/ellenwhiteaudio.org\/wp-content\/uploads\/2020\/06\/stop.png&quot; alt=&quot;Stop&quot;\/&gt;\" data-titletext=\"Ellen G. White - PAFC-07 - Paulo e Silas Prisioneiros\"  id=\"mdfile_pafc-07-paulo-e-silas-prisioneiros\" download=\"PAFC-07 - Paulo e Silas Prisioneiros.mp3\"><img decoding=\"async\" src=\"https:\/\/ellenwhiteaudio.org\/wp-content\/uploads\/2020\/06\/download.png\" alt=\"Download\"\/><\/a><\/td>\n<\/tr>\n<tr class=\"mdTags\">\n<td class=\"mdTagtitle\">08 - Oposi\u00e7\u00e3o em Tessalonica<\/td><td class=\"mdTagplaytime_string\">10:53<\/td>\n<td class=\"mediaDownload\"><a href=\"https:\/\/ellenwhiteaudio.org\/audio\/pt\/pafc\/PAFC-08%20-%20Oposi%C3%A7%C3%A3o%20em%20Tessalonica.mp3\" title=\"PAFC-08 - Oposi\u00e7\u00e3o em Tessalonica\" data-playtext=\"&lt;img src=&quot;https:\/\/ellenwhiteaudio.org\/wp-content\/uploads\/2020\/06\/play.png&quot; alt=&quot;Play&quot;\/&gt;\" data-stoptext=\"&lt;img src=&quot;https:\/\/ellenwhiteaudio.org\/wp-content\/uploads\/2020\/06\/stop.png&quot; alt=&quot;Stop&quot;\/&gt;\" data-titletext=\"Ellen G. White - PAFC-08 - Oposi\u00e7\u00e3o em Tessalonica\"  id=\"mdfile_pafc-08-oposicao-em-tessalonica\" download=\"PAFC-08 - Oposi\u00e7\u00e3o em Tessalonica.mp3\"><img decoding=\"async\" src=\"https:\/\/ellenwhiteaudio.org\/wp-content\/uploads\/2020\/06\/download.png\" alt=\"Download\"\/><\/a><\/td>\n<\/tr>\n<tr class=\"mdTags\">\n<td class=\"mdTagtitle\">09 - Paulo em Ber\u00e9ia e em Atenas<\/td><td class=\"mdTagplaytime_string\">22:38<\/td>\n<td class=\"mediaDownload\"><a href=\"https:\/\/ellenwhiteaudio.org\/audio\/pt\/pafc\/PAFC-09%20-%20Paulo%20em%20Ber%C3%A9ia%20e%20em%20Atenas.mp3\" title=\"PAFC-09 - Paulo em Ber\u00e9ia e em Atenas\" data-playtext=\"&lt;img src=&quot;https:\/\/ellenwhiteaudio.org\/wp-content\/uploads\/2020\/06\/play.png&quot; alt=&quot;Play&quot;\/&gt;\" data-stoptext=\"&lt;img src=&quot;https:\/\/ellenwhiteaudio.org\/wp-content\/uploads\/2020\/06\/stop.png&quot; alt=&quot;Stop&quot;\/&gt;\" data-titletext=\"Ellen G. White - PAFC-09 - Paulo em Ber\u00e9ia e em Atenas\"  id=\"mdfile_pafc-09-paulo-em-bereia-e-em-atenas\" download=\"PAFC-09 - Paulo em Ber\u00e9ia e em Atenas.mp3\"><img decoding=\"async\" src=\"https:\/\/ellenwhiteaudio.org\/wp-content\/uploads\/2020\/06\/download.png\" alt=\"Download\"\/><\/a><\/td>\n<\/tr>\n<tr class=\"mdTags\">\n<td class=\"mdTagtitle\">10 - Paulo em Corinto<\/td><td class=\"mdTagplaytime_string\">23:07<\/td>\n<td class=\"mediaDownload\"><a href=\"https:\/\/ellenwhiteaudio.org\/audio\/pt\/pafc\/PAFC-10%20-%20Paulo%20em%20Corinto.mp3\" title=\"PAFC-10 - Paulo em Corinto\" data-playtext=\"&lt;img src=&quot;https:\/\/ellenwhiteaudio.org\/wp-content\/uploads\/2020\/06\/play.png&quot; alt=&quot;Play&quot;\/&gt;\" data-stoptext=\"&lt;img src=&quot;https:\/\/ellenwhiteaudio.org\/wp-content\/uploads\/2020\/06\/stop.png&quot; alt=&quot;Stop&quot;\/&gt;\" data-titletext=\"Ellen G. White - PAFC-10 - Paulo em Corinto\"  id=\"mdfile_pafc-10-paulo-em-corinto\" download=\"PAFC-10 - Paulo em Corinto.mp3\"><img decoding=\"async\" src=\"https:\/\/ellenwhiteaudio.org\/wp-content\/uploads\/2020\/06\/download.png\" alt=\"Download\"\/><\/a><\/td>\n<\/tr>\n<tr class=\"mdTags\">\n<td class=\"mdTagtitle\">11 - As Ep\u00edstolas aos Tessalonisenses<\/td><td class=\"mdTagplaytime_string\">18:55<\/td>\n<td class=\"mediaDownload\"><a href=\"https:\/\/ellenwhiteaudio.org\/audio\/pt\/pafc\/PAFC-11%20-%20As%20Ep%C3%ADstolas%20aos%20Tessalonisenses.mp3\" title=\"PAFC-11 - As Ep\u00edstolas aos Tessalonisenses\" data-playtext=\"&lt;img src=&quot;https:\/\/ellenwhiteaudio.org\/wp-content\/uploads\/2020\/06\/play.png&quot; alt=&quot;Play&quot;\/&gt;\" data-stoptext=\"&lt;img src=&quot;https:\/\/ellenwhiteaudio.org\/wp-content\/uploads\/2020\/06\/stop.png&quot; alt=&quot;Stop&quot;\/&gt;\" data-titletext=\"Ellen G. White - PAFC-11 - As Ep\u00edstolas aos Tessalonisenses\"  id=\"mdfile_pafc-11-as-epistolas-aos-tessalonisenses\" download=\"PAFC-11 - As Ep\u00edstolas aos Tessalonisenses.mp3\"><img decoding=\"async\" src=\"https:\/\/ellenwhiteaudio.org\/wp-content\/uploads\/2020\/06\/download.png\" alt=\"Download\"\/><\/a><\/td>\n<\/tr>\n<tr class=\"mdTags\">\n<td class=\"mdTagtitle\">12 - Apolo em \u00c9feso e em Corinto<\/td><td class=\"mdTagplaytime_string\">20:57<\/td>\n<td class=\"mediaDownload\"><a href=\"https:\/\/ellenwhiteaudio.org\/audio\/pt\/pafc\/PAFC-12%20-%20Apolo%20em%20%C3%89feso%20e%20em%20Corinto.mp3\" title=\"PAFC-12 - Apolo em \u00c9feso e em Corinto\" data-playtext=\"&lt;img src=&quot;https:\/\/ellenwhiteaudio.org\/wp-content\/uploads\/2020\/06\/play.png&quot; alt=&quot;Play&quot;\/&gt;\" data-stoptext=\"&lt;img src=&quot;https:\/\/ellenwhiteaudio.org\/wp-content\/uploads\/2020\/06\/stop.png&quot; alt=&quot;Stop&quot;\/&gt;\" data-titletext=\"Ellen G. White - PAFC-12 - Apolo em \u00c9feso e em Corinto\"  id=\"mdfile_pafc-12-apolo-em-efeso-e-em-corinto\" download=\"PAFC-12 - Apolo em \u00c9feso e em Corinto.mp3\"><img decoding=\"async\" src=\"https:\/\/ellenwhiteaudio.org\/wp-content\/uploads\/2020\/06\/download.png\" alt=\"Download\"\/><\/a><\/td>\n<\/tr>\n<tr class=\"mdTags\">\n<td class=\"mdTagtitle\">13 - Paulo em \u00c9feso<\/td><td class=\"mdTagplaytime_string\">24:22<\/td>\n<td class=\"mediaDownload\"><a href=\"https:\/\/ellenwhiteaudio.org\/audio\/pt\/pafc\/PAFC-13%20-%20Paulo%20em%20%C3%89feso.mp3\" title=\"PAFC-13 - Paulo em \u00c9feso\" data-playtext=\"&lt;img src=&quot;https:\/\/ellenwhiteaudio.org\/wp-content\/uploads\/2020\/06\/play.png&quot; alt=&quot;Play&quot;\/&gt;\" data-stoptext=\"&lt;img src=&quot;https:\/\/ellenwhiteaudio.org\/wp-content\/uploads\/2020\/06\/stop.png&quot; alt=&quot;Stop&quot;\/&gt;\" data-titletext=\"Ellen G. White - PAFC-13 - Paulo em \u00c9feso\"  id=\"mdfile_pafc-13-paulo-em-efeso\" download=\"PAFC-13 - Paulo em \u00c9feso.mp3\"><img decoding=\"async\" src=\"https:\/\/ellenwhiteaudio.org\/wp-content\/uploads\/2020\/06\/download.png\" alt=\"Download\"\/><\/a><\/td>\n<\/tr>\n<tr class=\"mdTags\">\n<td class=\"mdTagtitle\">14 - Prova\u00e7\u00f5es e Vit\u00f3rias<\/td><td class=\"mdTagplaytime_string\">18:24<\/td>\n<td class=\"mediaDownload\"><a href=\"https:\/\/ellenwhiteaudio.org\/audio\/pt\/pafc\/PAFC-14%20-%20Prova%C3%A7%C3%B5es%20e%20Vit%C3%B3rias.mp3\" title=\"PAFC-14 - Prova\u00e7\u00f5es e Vit\u00f3rias\" data-playtext=\"&lt;img src=&quot;https:\/\/ellenwhiteaudio.org\/wp-content\/uploads\/2020\/06\/play.png&quot; alt=&quot;Play&quot;\/&gt;\" data-stoptext=\"&lt;img src=&quot;https:\/\/ellenwhiteaudio.org\/wp-content\/uploads\/2020\/06\/stop.png&quot; alt=&quot;Stop&quot;\/&gt;\" data-titletext=\"Ellen G. White - PAFC-14 - Prova\u00e7\u00f5es e Vit\u00f3rias\"  id=\"mdfile_pafc-14-provacoes-e-vitorias\" download=\"PAFC-14 - Prova\u00e7\u00f5es e Vit\u00f3rias.mp3\"><img decoding=\"async\" src=\"https:\/\/ellenwhiteaudio.org\/wp-content\/uploads\/2020\/06\/download.png\" alt=\"Download\"\/><\/a><\/td>\n<\/tr>\n<tr class=\"mdTags\">\n<td class=\"mdTagtitle\">15 - Paulo Escreve aos Corintios<\/td><td class=\"mdTagplaytime_string\">46:51<\/td>\n<td class=\"mediaDownload\"><a href=\"https:\/\/ellenwhiteaudio.org\/audio\/pt\/pafc\/PAFC-15%20-%20Paulo%20Escreve%20aos%20Corintios.mp3\" title=\"PAFC-15 - Paulo Escreve aos Corintios\" data-playtext=\"&lt;img src=&quot;https:\/\/ellenwhiteaudio.org\/wp-content\/uploads\/2020\/06\/play.png&quot; alt=&quot;Play&quot;\/&gt;\" data-stoptext=\"&lt;img src=&quot;https:\/\/ellenwhiteaudio.org\/wp-content\/uploads\/2020\/06\/stop.png&quot; alt=&quot;Stop&quot;\/&gt;\" data-titletext=\"Ellen G. White - PAFC-15 - Paulo Escreve aos Corintios\"  id=\"mdfile_pafc-15-paulo-escreve-aos-corintios\" download=\"PAFC-15 - Paulo Escreve aos Corintios.mp3\"><img decoding=\"async\" src=\"https:\/\/ellenwhiteaudio.org\/wp-content\/uploads\/2020\/06\/download.png\" alt=\"Download\"\/><\/a><\/td>\n<\/tr>\n<tr class=\"mdTags\">\n<td class=\"mdTagtitle\">16 - Segunda Ep\u00edstola aos Corintios<\/td><td class=\"mdTagplaytime_string\">23:11<\/td>\n<td class=\"mediaDownload\"><a href=\"https:\/\/ellenwhiteaudio.org\/audio\/pt\/pafc\/PAFC-16%20-%20Segunda%20Ep%C3%ADstola%20aos%20Corintios.mp3\" title=\"PAFC-16 - Segunda Ep\u00edstola aos Corintios\" data-playtext=\"&lt;img src=&quot;https:\/\/ellenwhiteaudio.org\/wp-content\/uploads\/2020\/06\/play.png&quot; alt=&quot;Play&quot;\/&gt;\" data-stoptext=\"&lt;img src=&quot;https:\/\/ellenwhiteaudio.org\/wp-content\/uploads\/2020\/06\/stop.png&quot; alt=&quot;Stop&quot;\/&gt;\" data-titletext=\"Ellen G. White - PAFC-16 - Segunda Ep\u00edstola aos Corintios\"  id=\"mdfile_pafc-16-segunda-epistola-aos-corintios\" download=\"PAFC-16 - Segunda Ep\u00edstola aos Corintios.mp3\"><img decoding=\"async\" src=\"https:\/\/ellenwhiteaudio.org\/wp-content\/uploads\/2020\/06\/download.png\" alt=\"Download\"\/><\/a><\/td>\n<\/tr>\n<tr class=\"mdTags\">\n<td class=\"mdTagtitle\">17 - Paulo Torna a Visitar Corinto<\/td><td class=\"mdTagplaytime_string\">22:35<\/td>\n<td class=\"mediaDownload\"><a href=\"https:\/\/ellenwhiteaudio.org\/audio\/pt\/pafc\/PAFC-17%20-%20Paulo%20Torna%20a%20Visitar%20Corinto.mp3\" title=\"PAFC-17 - Paulo Torna a Visitar Corinto\" data-playtext=\"&lt;img src=&quot;https:\/\/ellenwhiteaudio.org\/wp-content\/uploads\/2020\/06\/play.png&quot; alt=&quot;Play&quot;\/&gt;\" data-stoptext=\"&lt;img src=&quot;https:\/\/ellenwhiteaudio.org\/wp-content\/uploads\/2020\/06\/stop.png&quot; alt=&quot;Stop&quot;\/&gt;\" data-titletext=\"Ellen G. White - PAFC-17 - Paulo Torna a Visitar Corinto\"  id=\"mdfile_pafc-17-paulo-torna-a-visitar-corinto\" download=\"PAFC-17 - Paulo Torna a Visitar Corinto.mp3\"><img decoding=\"async\" src=\"https:\/\/ellenwhiteaudio.org\/wp-content\/uploads\/2020\/06\/download.png\" alt=\"Download\"\/><\/a><\/td>\n<\/tr>\n<tr class=\"mdTags\">\n<td class=\"mdTagtitle\">18 - \u00daltima Viagem de Paulo a Jerusal\u00e9m<\/td><td class=\"mdTagplaytime_string\">25:27<\/td>\n<td class=\"mediaDownload\"><a href=\"https:\/\/ellenwhiteaudio.org\/audio\/pt\/pafc\/PAFC-18%20-%20%C3%9Altima%20Viagem%20de%20Paulo%20a%20Jerusal%C3%A9m.mp3\" title=\"PAFC-18 - \u00daltima Viagem de Paulo a Jerusal\u00e9m\" data-playtext=\"&lt;img src=&quot;https:\/\/ellenwhiteaudio.org\/wp-content\/uploads\/2020\/06\/play.png&quot; alt=&quot;Play&quot;\/&gt;\" data-stoptext=\"&lt;img src=&quot;https:\/\/ellenwhiteaudio.org\/wp-content\/uploads\/2020\/06\/stop.png&quot; alt=&quot;Stop&quot;\/&gt;\" data-titletext=\"Ellen G. White - PAFC-18 - \u00daltima Viagem de Paulo a Jerusal\u00e9m\"  id=\"mdfile_pafc-18-ultima-viagem-de-paulo-a-jerusalem\" download=\"PAFC-18 - \u00daltima Viagem de Paulo a Jerusal\u00e9m.mp3\"><img decoding=\"async\" src=\"https:\/\/ellenwhiteaudio.org\/wp-content\/uploads\/2020\/06\/download.png\" alt=\"Download\"\/><\/a><\/td>\n<\/tr>\n<tr class=\"mdTags\">\n<td class=\"mdTagtitle\">19 - Seu Encontro com os Anci\u00f5es<\/td><td class=\"mdTagplaytime_string\">12:54<\/td>\n<td class=\"mediaDownload\"><a href=\"https:\/\/ellenwhiteaudio.org\/audio\/pt\/pafc\/PAFC-19%20-%20Seu%20Encontro%20com%20os%20Anci%C3%B5es.mp3\" title=\"PAFC-19 - Seu Encontro com os Anci\u00f5es\" data-playtext=\"&lt;img src=&quot;https:\/\/ellenwhiteaudio.org\/wp-content\/uploads\/2020\/06\/play.png&quot; alt=&quot;Play&quot;\/&gt;\" data-stoptext=\"&lt;img src=&quot;https:\/\/ellenwhiteaudio.org\/wp-content\/uploads\/2020\/06\/stop.png&quot; alt=&quot;Stop&quot;\/&gt;\" data-titletext=\"Ellen G. White - PAFC-19 - Seu Encontro com os Anci\u00f5es\"  id=\"mdfile_pafc-19-seu-encontro-com-os-ancioes\" download=\"PAFC-19 - Seu Encontro com os Anci\u00f5es.mp3\"><img decoding=\"async\" src=\"https:\/\/ellenwhiteaudio.org\/wp-content\/uploads\/2020\/06\/download.png\" alt=\"Download\"\/><\/a><\/td>\n<\/tr>\n<tr class=\"mdTags\">\n<td class=\"mdTagtitle\">20 - Paulo Prisioneiro<\/td><td class=\"mdTagplaytime_string\">39:14<\/td>\n<td class=\"mediaDownload\"><a href=\"https:\/\/ellenwhiteaudio.org\/audio\/pt\/pafc\/PAFC-20%20-%20Paulo%20Prisioneiro.mp3\" title=\"PAFC-20 - Paulo Prisioneiro\" data-playtext=\"&lt;img src=&quot;https:\/\/ellenwhiteaudio.org\/wp-content\/uploads\/2020\/06\/play.png&quot; alt=&quot;Play&quot;\/&gt;\" data-stoptext=\"&lt;img src=&quot;https:\/\/ellenwhiteaudio.org\/wp-content\/uploads\/2020\/06\/stop.png&quot; alt=&quot;Stop&quot;\/&gt;\" data-titletext=\"Ellen G. White - PAFC-20 - Paulo Prisioneiro\"  id=\"mdfile_pafc-20-paulo-prisioneiro\" download=\"PAFC-20 - Paulo Prisioneiro.mp3\"><img decoding=\"async\" src=\"https:\/\/ellenwhiteaudio.org\/wp-content\/uploads\/2020\/06\/download.png\" alt=\"Download\"\/><\/a><\/td>\n<\/tr>\n<tr class=\"mdTags\">\n<td class=\"mdTagtitle\">21 - Perante o Tribunal de Cesareia<\/td><td class=\"mdTagplaytime_string\">25:51<\/td>\n<td class=\"mediaDownload\"><a href=\"https:\/\/ellenwhiteaudio.org\/audio\/pt\/pafc\/PAFC-21%20-%20Perante%20o%20Tribunal%20de%20Cesareia.mp3\" title=\"PAFC-21 - Perante o Tribunal de Cesareia\" data-playtext=\"&lt;img src=&quot;https:\/\/ellenwhiteaudio.org\/wp-content\/uploads\/2020\/06\/play.png&quot; alt=&quot;Play&quot;\/&gt;\" data-stoptext=\"&lt;img src=&quot;https:\/\/ellenwhiteaudio.org\/wp-content\/uploads\/2020\/06\/stop.png&quot; alt=&quot;Stop&quot;\/&gt;\" data-titletext=\"Ellen G. White - PAFC-21 - Perante o Tribunal de Cesareia\"  id=\"mdfile_pafc-21-perante-o-tribunal-de-cesareia\" download=\"PAFC-21 - Perante o Tribunal de Cesareia.mp3\"><img decoding=\"async\" src=\"https:\/\/ellenwhiteaudio.org\/wp-content\/uploads\/2020\/06\/download.png\" alt=\"Download\"\/><\/a><\/td>\n<\/tr>\n<tr class=\"mdTags\">\n<td class=\"mdTagtitle\">22 - Paulo Apela para Cesar<\/td><td class=\"mdTagplaytime_string\">12:49<\/td>\n<td class=\"mediaDownload\"><a href=\"https:\/\/ellenwhiteaudio.org\/audio\/pt\/pafc\/PAFC-22%20-%20Paulo%20Apela%20para%20Cesar.mp3\" title=\"PAFC-22 - Paulo Apela para Cesar\" data-playtext=\"&lt;img src=&quot;https:\/\/ellenwhiteaudio.org\/wp-content\/uploads\/2020\/06\/play.png&quot; alt=&quot;Play&quot;\/&gt;\" data-stoptext=\"&lt;img src=&quot;https:\/\/ellenwhiteaudio.org\/wp-content\/uploads\/2020\/06\/stop.png&quot; alt=&quot;Stop&quot;\/&gt;\" data-titletext=\"Ellen G. White - PAFC-22 - Paulo Apela para Cesar\"  id=\"mdfile_pafc-22-paulo-apela-para-cesar\" download=\"PAFC-22 - Paulo Apela para Cesar.mp3\"><img decoding=\"async\" src=\"https:\/\/ellenwhiteaudio.org\/wp-content\/uploads\/2020\/06\/download.png\" alt=\"Download\"\/><\/a><\/td>\n<\/tr>\n<tr class=\"mdTags\">\n<td class=\"mdTagtitle\">23 - Discurso Perante Agripa<\/td><td class=\"mdTagplaytime_string\">17:26<\/td>\n<td class=\"mediaDownload\"><a href=\"https:\/\/ellenwhiteaudio.org\/audio\/pt\/pafc\/PAFC-23%20-%20Discurso%20Perante%20Agripa.mp3\" title=\"PAFC-23 - Discurso Perante Agripa\" data-playtext=\"&lt;img src=&quot;https:\/\/ellenwhiteaudio.org\/wp-content\/uploads\/2020\/06\/play.png&quot; alt=&quot;Play&quot;\/&gt;\" data-stoptext=\"&lt;img src=&quot;https:\/\/ellenwhiteaudio.org\/wp-content\/uploads\/2020\/06\/stop.png&quot; alt=&quot;Stop&quot;\/&gt;\" data-titletext=\"Ellen G. White - PAFC-23 - Discurso Perante Agripa\"  id=\"mdfile_pafc-23-discurso-perante-agripa\" download=\"PAFC-23 - Discurso Perante Agripa.mp3\"><img decoding=\"async\" src=\"https:\/\/ellenwhiteaudio.org\/wp-content\/uploads\/2020\/06\/download.png\" alt=\"Download\"\/><\/a><\/td>\n<\/tr>\n<tr class=\"mdTags\">\n<td class=\"mdTagtitle\">24 - A Viagem e o Naufr\u00e1gio<\/td><td class=\"mdTagplaytime_string\">21:26<\/td>\n<td class=\"mediaDownload\"><a href=\"https:\/\/ellenwhiteaudio.org\/audio\/pt\/pafc\/PAFC-24%20-%20A%20Viagem%20e%20o%20Naufr%C3%A1gio.mp3\" title=\"PAFC-24 - A Viagem e o Naufr\u00e1gio\" data-playtext=\"&lt;img src=&quot;https:\/\/ellenwhiteaudio.org\/wp-content\/uploads\/2020\/06\/play.png&quot; alt=&quot;Play&quot;\/&gt;\" data-stoptext=\"&lt;img src=&quot;https:\/\/ellenwhiteaudio.org\/wp-content\/uploads\/2020\/06\/stop.png&quot; alt=&quot;Stop&quot;\/&gt;\" data-titletext=\"Ellen G. White - PAFC-24 - A Viagem e o Naufr\u00e1gio\"  id=\"mdfile_pafc-24-a-viagem-e-o-naufragio\" download=\"PAFC-24 - A Viagem e o Naufr\u00e1gio.mp3\"><img decoding=\"async\" src=\"https:\/\/ellenwhiteaudio.org\/wp-content\/uploads\/2020\/06\/download.png\" alt=\"Download\"\/><\/a><\/td>\n<\/tr>\n<tr class=\"mdTags\">\n<td class=\"mdTagtitle\">25 - Paulo Chega a Roma<\/td><td class=\"mdTagplaytime_string\">16:26<\/td>\n<td class=\"mediaDownload\"><a href=\"https:\/\/ellenwhiteaudio.org\/audio\/pt\/pafc\/PAFC-25%20-%20Paulo%20Chega%20a%20Roma.mp3\" title=\"PAFC-25 - Paulo Chega a Roma\" data-playtext=\"&lt;img src=&quot;https:\/\/ellenwhiteaudio.org\/wp-content\/uploads\/2020\/06\/play.png&quot; alt=&quot;Play&quot;\/&gt;\" data-stoptext=\"&lt;img src=&quot;https:\/\/ellenwhiteaudio.org\/wp-content\/uploads\/2020\/06\/stop.png&quot; alt=&quot;Stop&quot;\/&gt;\" data-titletext=\"Ellen G. White - PAFC-25 - Paulo Chega a Roma\"  id=\"mdfile_pafc-25-paulo-chega-a-roma\" download=\"PAFC-25 - Paulo Chega a Roma.mp3\"><img decoding=\"async\" src=\"https:\/\/ellenwhiteaudio.org\/wp-content\/uploads\/2020\/06\/download.png\" alt=\"Download\"\/><\/a><\/td>\n<\/tr>\n<tr class=\"mdTags\">\n<td class=\"mdTagtitle\">26 - Durante Sua Perman\u00eancia em Roma<\/td><td class=\"mdTagplaytime_string\">19:39<\/td>\n<td class=\"mediaDownload\"><a href=\"https:\/\/ellenwhiteaudio.org\/audio\/pt\/pafc\/PAFC-26%20-%20Durante%20Sua%20Perman%C3%AAncia%20em%20Roma.mp3\" title=\"PAFC-26 - Durante Sua Perman\u00eancia em Roma\" data-playtext=\"&lt;img src=&quot;https:\/\/ellenwhiteaudio.org\/wp-content\/uploads\/2020\/06\/play.png&quot; alt=&quot;Play&quot;\/&gt;\" data-stoptext=\"&lt;img src=&quot;https:\/\/ellenwhiteaudio.org\/wp-content\/uploads\/2020\/06\/stop.png&quot; alt=&quot;Stop&quot;\/&gt;\" data-titletext=\"Ellen G. White - PAFC-26 - Durante Sua Perman\u00eancia em Roma\"  id=\"mdfile_pafc-26-durante-sua-permanencia-em-roma\" download=\"PAFC-26 - Durante Sua Perman\u00eancia em Roma.mp3\"><img decoding=\"async\" src=\"https:\/\/ellenwhiteaudio.org\/wp-content\/uploads\/2020\/06\/download.png\" alt=\"Download\"\/><\/a><\/td>\n<\/tr>\n<tr class=\"mdTags\">\n<td class=\"mdTagtitle\">27 - Os da Casa de Cesar<\/td><td class=\"mdTagplaytime_string\">22:58<\/td>\n<td class=\"mediaDownload\"><a href=\"https:\/\/ellenwhiteaudio.org\/audio\/pt\/pafc\/PAFC-27%20-%20Os%20da%20Casa%20de%20Cesar.mp3\" title=\"PAFC-27 - Os da Casa de Cesar\" data-playtext=\"&lt;img src=&quot;https:\/\/ellenwhiteaudio.org\/wp-content\/uploads\/2020\/06\/play.png&quot; alt=&quot;Play&quot;\/&gt;\" data-stoptext=\"&lt;img src=&quot;https:\/\/ellenwhiteaudio.org\/wp-content\/uploads\/2020\/06\/stop.png&quot; alt=&quot;Stop&quot;\/&gt;\" data-titletext=\"Ellen G. White - PAFC-27 - Os da Casa de Cesar\"  id=\"mdfile_pafc-27-os-da-casa-de-cesar\" download=\"PAFC-27 - Os da Casa de Cesar.mp3\"><img decoding=\"async\" src=\"https:\/\/ellenwhiteaudio.org\/wp-content\/uploads\/2020\/06\/download.png\" alt=\"Download\"\/><\/a><\/td>\n<\/tr>\n<tr class=\"mdTags\">\n<td class=\"mdTagtitle\">28 - Em Liberdade<\/td><td class=\"mdTagplaytime_string\">7:45<\/td>\n<td class=\"mediaDownload\"><a href=\"https:\/\/ellenwhiteaudio.org\/audio\/pt\/pafc\/PAFC-28%20-%20Em%20Liberdade.mp3\" title=\"PAFC-28 - Em Liberdade\" data-playtext=\"&lt;img src=&quot;https:\/\/ellenwhiteaudio.org\/wp-content\/uploads\/2020\/06\/play.png&quot; alt=&quot;Play&quot;\/&gt;\" data-stoptext=\"&lt;img src=&quot;https:\/\/ellenwhiteaudio.org\/wp-content\/uploads\/2020\/06\/stop.png&quot; alt=&quot;Stop&quot;\/&gt;\" data-titletext=\"Ellen G. White - PAFC-28 - Em Liberdade\"  id=\"mdfile_pafc-28-em-liberdade\" download=\"PAFC-28 - Em Liberdade.mp3\"><img decoding=\"async\" src=\"https:\/\/ellenwhiteaudio.org\/wp-content\/uploads\/2020\/06\/download.png\" alt=\"Download\"\/><\/a><\/td>\n<\/tr>\n<tr class=\"mdTags\">\n<td class=\"mdTagtitle\">29 - A \u00daltima Pris\u00e3o<\/td><td class=\"mdTagplaytime_string\">11:37<\/td>\n<td class=\"mediaDownload\"><a href=\"https:\/\/ellenwhiteaudio.org\/audio\/pt\/pafc\/PAFC-29%20-%20A%20%C3%9Altima%20Pris%C3%A3o.mp3\" title=\"PAFC-29 - A \u00daltima Pris\u00e3o\" data-playtext=\"&lt;img src=&quot;https:\/\/ellenwhiteaudio.org\/wp-content\/uploads\/2020\/06\/play.png&quot; alt=&quot;Play&quot;\/&gt;\" data-stoptext=\"&lt;img src=&quot;https:\/\/ellenwhiteaudio.org\/wp-content\/uploads\/2020\/06\/stop.png&quot; alt=&quot;Stop&quot;\/&gt;\" data-titletext=\"Ellen G. White - PAFC-29 - A \u00daltima Pris\u00e3o\"  id=\"mdfile_pafc-29-a-ultima-prisao\" download=\"PAFC-29 - A \u00daltima Pris\u00e3o.mp3\"><img decoding=\"async\" src=\"https:\/\/ellenwhiteaudio.org\/wp-content\/uploads\/2020\/06\/download.png\" alt=\"Download\"\/><\/a><\/td>\n<\/tr>\n<tr class=\"mdTags\">\n<td class=\"mdTagtitle\">30 - Paulo Perante Nero<\/td><td class=\"mdTagplaytime_string\">17:41<\/td>\n<td class=\"mediaDownload\"><a href=\"https:\/\/ellenwhiteaudio.org\/audio\/pt\/pafc\/PAFC-30%20-%20Paulo%20Perante%20Nero.mp3\" title=\"PAFC-30 - Paulo Perante Nero\" data-playtext=\"&lt;img src=&quot;https:\/\/ellenwhiteaudio.org\/wp-content\/uploads\/2020\/06\/play.png&quot; alt=&quot;Play&quot;\/&gt;\" data-stoptext=\"&lt;img src=&quot;https:\/\/ellenwhiteaudio.org\/wp-content\/uploads\/2020\/06\/stop.png&quot; alt=&quot;Stop&quot;\/&gt;\" data-titletext=\"Ellen G. White - PAFC-30 - Paulo Perante Nero\"  id=\"mdfile_pafc-30-paulo-perante-nero\" download=\"PAFC-30 - Paulo Perante Nero.mp3\"><img decoding=\"async\" src=\"https:\/\/ellenwhiteaudio.org\/wp-content\/uploads\/2020\/06\/download.png\" alt=\"Download\"\/><\/a><\/td>\n<\/tr>\n<tr class=\"mdTags\">\n<td class=\"mdTagtitle\">31 - \u00daltima Carta de Paulo<\/td><td class=\"mdTagplaytime_string\">19:27<\/td>\n<td class=\"mediaDownload\"><a href=\"https:\/\/ellenwhiteaudio.org\/audio\/pt\/pafc\/PAFC-31%20-%20%C3%9Altima%20Carta%20de%20Paulo.mp3\" title=\"PAFC-31 - \u00daltima Carta de Paulo\" data-playtext=\"&lt;img src=&quot;https:\/\/ellenwhiteaudio.org\/wp-content\/uploads\/2020\/06\/play.png&quot; alt=&quot;Play&quot;\/&gt;\" data-stoptext=\"&lt;img src=&quot;https:\/\/ellenwhiteaudio.org\/wp-content\/uploads\/2020\/06\/stop.png&quot; alt=&quot;Stop&quot;\/&gt;\" data-titletext=\"Ellen G. White - PAFC-31 - \u00daltima Carta de Paulo\"  id=\"mdfile_pafc-31-ultima-carta-de-paulo\" download=\"PAFC-31 - \u00daltima Carta de Paulo.mp3\"><img decoding=\"async\" src=\"https:\/\/ellenwhiteaudio.org\/wp-content\/uploads\/2020\/06\/download.png\" alt=\"Download\"\/><\/a><\/td>\n<\/tr>\n<tr class=\"mdTags\">\n<td class=\"mdTagtitle\">32 - O Mart\u00edrio de Paulo<\/td><td class=\"mdTagplaytime_string\">13:22<\/td>\n<td class=\"mediaDownload\"><a href=\"https:\/\/ellenwhiteaudio.org\/audio\/pt\/pafc\/PAFC-32%20-%20O%20Mart%C3%ADrio%20de%20Paulo.mp3\" title=\"PAFC-32 - O Mart\u00edrio de Paulo\" data-playtext=\"&lt;img src=&quot;https:\/\/ellenwhiteaudio.org\/wp-content\/uploads\/2020\/06\/play.png&quot; alt=&quot;Play&quot;\/&gt;\" data-stoptext=\"&lt;img src=&quot;https:\/\/ellenwhiteaudio.org\/wp-content\/uploads\/2020\/06\/stop.png&quot; alt=&quot;Stop&quot;\/&gt;\" data-titletext=\"Ellen G. White - PAFC-32 - O Mart\u00edrio de Paulo\"  id=\"mdfile_pafc-32-o-martirio-de-paulo\" download=\"PAFC-32 - O Mart\u00edrio de Paulo.mp3\"><img decoding=\"async\" src=\"https:\/\/ellenwhiteaudio.org\/wp-content\/uploads\/2020\/06\/download.png\" alt=\"Download\"\/><\/a><\/td>\n<\/tr>\n<\/tbody><\/table>\n\r\n","protected":false},"excerpt":{"rendered":"<p>Ou\u00e7a a incr\u00edvel hist\u00f3ria da vida do Ap\u00f3stolo Paulo contada de uma maneira mais profunda, trazendo v\u00e1rias aplica\u00e7\u00f5es para nossa vida hoje.<\/p>\n","protected":false},"author":3,"featured_media":813,"comment_status":"closed","ping_status":"closed","sticky":false,"template":"","format":"standard","meta":{"dwc-title":[""],"dwc-content":[""],"dwc-title-2":[""],"dwc-content-2":[""],"dwc-title-3":[""],"dwc-content-3":[""],"footnotes":""},"categories":[7],"tags":[],"app-category":[38,55],"class_list":["post-506","post","type-post","status-publish","format-standard","has-post-thumbnail","hentry","category-egw-livros","app-category-ellen-g-white","app-category-books"],"yoast_head":"<!-- This site is optimized with the Yoast SEO plugin v27.5 - https:\/\/yoast.com\/product\/yoast-seo-wordpress\/ -->\n<title>Paulo \u2013 O Ap\u00f3stolo da F\u00e9 e da Coragem - Ellen White Audio - Portugu\u00eas<\/title>\n<meta name=\"robots\" content=\"index, follow, max-snippet:-1, max-image-preview:large, max-video-preview:-1\" \/>\n<link rel=\"canonical\" href=\"https:\/\/ellenwhiteaudio.org\/pt\/paulo-o-apostolo-da-fe-e-da-coragem\/\" \/>\n<meta property=\"og:locale\" content=\"en_US\" \/>\n<meta property=\"og:type\" content=\"article\" \/>\n<meta property=\"og:title\" content=\"Paulo \u2013 O Ap\u00f3stolo da F\u00e9 e da Coragem - Ellen White Audio - Portugu\u00eas\" \/>\n<meta property=\"og:description\" content=\"Ou\u00e7a a incr\u00edvel hist\u00f3ria da vida do Ap\u00f3stolo Paulo contada de uma maneira mais profunda, trazendo v\u00e1rias aplica\u00e7\u00f5es para nossa vida hoje.\" \/>\n<meta property=\"og:url\" content=\"https:\/\/ellenwhiteaudio.org\/pt\/paulo-o-apostolo-da-fe-e-da-coragem\/\" \/>\n<meta property=\"og:site_name\" content=\"Ellen White Audio - Portugu\u00eas\" \/>\n<meta property=\"article:publisher\" content=\"https:\/\/www.facebook.com\/EllenWhiteAudioPT\/\" \/>\n<meta property=\"article:published_time\" content=\"2018-09-25T19:29:38+00:00\" \/>\n<meta property=\"article:modified_time\" content=\"2022-05-18T00:59:49+00:00\" \/>\n<meta property=\"og:image\" content=\"https:\/\/ellenwhiteaudio.org\/pt\/wp-content\/uploads\/sites\/2\/2018\/09\/folder-paulo-ap..jpg\" \/>\n\t<meta property=\"og:image:width\" content=\"800\" \/>\n\t<meta property=\"og:image:height\" content=\"800\" \/>\n\t<meta property=\"og:image:type\" content=\"image\/jpeg\" \/>\n<meta name=\"author\" content=\"Editor\" \/>\n<meta name=\"twitter:card\" content=\"summary_large_image\" \/>\n<meta name=\"twitter:creator\" content=\"@ellenwhiteaudio\" \/>\n<meta name=\"twitter:site\" content=\"@ellenwhiteaudio\" \/>\n<meta name=\"twitter:label1\" content=\"Written by\" \/>\n\t<meta name=\"twitter:data1\" content=\"Editor\" \/>\n<script type=\"application\/ld+json\" class=\"yoast-schema-graph\">{\"@context\":\"https:\\\/\\\/schema.org\",\"@graph\":[{\"@type\":\"Article\",\"@id\":\"https:\\\/\\\/ellenwhiteaudio.org\\\/pt\\\/paulo-o-apostolo-da-fe-e-da-coragem\\\/#article\",\"isPartOf\":{\"@id\":\"https:\\\/\\\/ellenwhiteaudio.org\\\/pt\\\/paulo-o-apostolo-da-fe-e-da-coragem\\\/\"},\"author\":{\"name\":\"Editor\",\"@id\":\"https:\\\/\\\/ellenwhiteaudio.org\\\/pt\\\/#\\\/schema\\\/person\\\/5e5eef8b4dd20d92f49962b3b29e63a1\"},\"headline\":\"Paulo \u2013 O Ap\u00f3stolo da F\u00e9 e da Coragem\",\"datePublished\":\"2018-09-25T19:29:38+00:00\",\"dateModified\":\"2022-05-18T00:59:49+00:00\",\"mainEntityOfPage\":{\"@id\":\"https:\\\/\\\/ellenwhiteaudio.org\\\/pt\\\/paulo-o-apostolo-da-fe-e-da-coragem\\\/\"},\"wordCount\":11,\"publisher\":{\"@id\":\"https:\\\/\\\/ellenwhiteaudio.org\\\/pt\\\/#organization\"},\"image\":{\"@id\":\"https:\\\/\\\/ellenwhiteaudio.org\\\/pt\\\/paulo-o-apostolo-da-fe-e-da-coragem\\\/#primaryimage\"},\"thumbnailUrl\":\"https:\\\/\\\/ellenwhiteaudio.org\\\/pt\\\/wp-content\\\/uploads\\\/sites\\\/2\\\/2018\\\/09\\\/folder-paulo-ap..jpg\",\"articleSection\":[\"Ellen G. White: Livros\"],\"inLanguage\":\"en-US\"},{\"@type\":\"WebPage\",\"@id\":\"https:\\\/\\\/ellenwhiteaudio.org\\\/pt\\\/paulo-o-apostolo-da-fe-e-da-coragem\\\/\",\"url\":\"https:\\\/\\\/ellenwhiteaudio.org\\\/pt\\\/paulo-o-apostolo-da-fe-e-da-coragem\\\/\",\"name\":\"Paulo \u2013 O Ap\u00f3stolo da F\u00e9 e da Coragem - Ellen White Audio - Portugu\u00eas\",\"isPartOf\":{\"@id\":\"https:\\\/\\\/ellenwhiteaudio.org\\\/pt\\\/#website\"},\"primaryImageOfPage\":{\"@id\":\"https:\\\/\\\/ellenwhiteaudio.org\\\/pt\\\/paulo-o-apostolo-da-fe-e-da-coragem\\\/#primaryimage\"},\"image\":{\"@id\":\"https:\\\/\\\/ellenwhiteaudio.org\\\/pt\\\/paulo-o-apostolo-da-fe-e-da-coragem\\\/#primaryimage\"},\"thumbnailUrl\":\"https:\\\/\\\/ellenwhiteaudio.org\\\/pt\\\/wp-content\\\/uploads\\\/sites\\\/2\\\/2018\\\/09\\\/folder-paulo-ap..jpg\",\"datePublished\":\"2018-09-25T19:29:38+00:00\",\"dateModified\":\"2022-05-18T00:59:49+00:00\",\"breadcrumb\":{\"@id\":\"https:\\\/\\\/ellenwhiteaudio.org\\\/pt\\\/paulo-o-apostolo-da-fe-e-da-coragem\\\/#breadcrumb\"},\"inLanguage\":\"en-US\",\"potentialAction\":[{\"@type\":\"ReadAction\",\"target\":[\"https:\\\/\\\/ellenwhiteaudio.org\\\/pt\\\/paulo-o-apostolo-da-fe-e-da-coragem\\\/\"]}]},{\"@type\":\"ImageObject\",\"inLanguage\":\"en-US\",\"@id\":\"https:\\\/\\\/ellenwhiteaudio.org\\\/pt\\\/paulo-o-apostolo-da-fe-e-da-coragem\\\/#primaryimage\",\"url\":\"https:\\\/\\\/ellenwhiteaudio.org\\\/pt\\\/wp-content\\\/uploads\\\/sites\\\/2\\\/2018\\\/09\\\/folder-paulo-ap..jpg\",\"contentUrl\":\"https:\\\/\\\/ellenwhiteaudio.org\\\/pt\\\/wp-content\\\/uploads\\\/sites\\\/2\\\/2018\\\/09\\\/folder-paulo-ap..jpg\",\"width\":800,\"height\":800},{\"@type\":\"BreadcrumbList\",\"@id\":\"https:\\\/\\\/ellenwhiteaudio.org\\\/pt\\\/paulo-o-apostolo-da-fe-e-da-coragem\\\/#breadcrumb\",\"itemListElement\":[{\"@type\":\"ListItem\",\"position\":1,\"name\":\"Home\",\"item\":\"https:\\\/\\\/ellenwhiteaudio.org\\\/pt\\\/\"},{\"@type\":\"ListItem\",\"position\":2,\"name\":\"Paulo \u2013 O Ap\u00f3stolo da F\u00e9 e da Coragem\"}]},{\"@type\":\"WebSite\",\"@id\":\"https:\\\/\\\/ellenwhiteaudio.org\\\/pt\\\/#website\",\"url\":\"https:\\\/\\\/ellenwhiteaudio.org\\\/pt\\\/\",\"name\":\"Ellen White Audio - Portugu\u00eas\",\"description\":\"Livros de Ellen White em \u00e1udio\",\"publisher\":{\"@id\":\"https:\\\/\\\/ellenwhiteaudio.org\\\/pt\\\/#organization\"},\"potentialAction\":[{\"@type\":\"SearchAction\",\"target\":{\"@type\":\"EntryPoint\",\"urlTemplate\":\"https:\\\/\\\/ellenwhiteaudio.org\\\/pt\\\/?s={search_term_string}\"},\"query-input\":{\"@type\":\"PropertyValueSpecification\",\"valueRequired\":true,\"valueName\":\"search_term_string\"}}],\"inLanguage\":\"en-US\"},{\"@type\":\"Organization\",\"@id\":\"https:\\\/\\\/ellenwhiteaudio.org\\\/pt\\\/#organization\",\"name\":\"Ellen White Audio - Portugu\u00eas\",\"url\":\"https:\\\/\\\/ellenwhiteaudio.org\\\/pt\\\/\",\"logo\":{\"@type\":\"ImageObject\",\"inLanguage\":\"en-US\",\"@id\":\"https:\\\/\\\/ellenwhiteaudio.org\\\/pt\\\/#\\\/schema\\\/logo\\\/image\\\/\",\"url\":\"https:\\\/\\\/ellenwhiteaudio.org\\\/pt\\\/wp-content\\\/uploads\\\/sites\\\/2\\\/2025\\\/02\\\/EGWaudio-Logo-colored-circle-blue-yellow-white-smaller.png\",\"contentUrl\":\"https:\\\/\\\/ellenwhiteaudio.org\\\/pt\\\/wp-content\\\/uploads\\\/sites\\\/2\\\/2025\\\/02\\\/EGWaudio-Logo-colored-circle-blue-yellow-white-smaller.png\",\"width\":444,\"height\":444,\"caption\":\"Ellen White Audio - Portugu\u00eas\"},\"image\":{\"@id\":\"https:\\\/\\\/ellenwhiteaudio.org\\\/pt\\\/#\\\/schema\\\/logo\\\/image\\\/\"},\"sameAs\":[\"https:\\\/\\\/www.facebook.com\\\/EllenWhiteAudioPT\\\/\",\"https:\\\/\\\/x.com\\\/ellenwhiteaudio\",\"https:\\\/\\\/www.youtube.com\\\/@EllenWhiteAudioPortugu\u00eas\",\"https:\\\/\\\/www.instagram.com\\\/ellenwhiteaudiopt\\\/\"]},{\"@type\":\"Person\",\"@id\":\"https:\\\/\\\/ellenwhiteaudio.org\\\/pt\\\/#\\\/schema\\\/person\\\/5e5eef8b4dd20d92f49962b3b29e63a1\",\"name\":\"Editor\",\"image\":{\"@type\":\"ImageObject\",\"inLanguage\":\"en-US\",\"@id\":\"https:\\\/\\\/secure.gravatar.com\\\/avatar\\\/50c7eb92d88d3739c910cf9b852198e560ac8e6971465da40f41d610fe57ca7c?s=96&d=mm&r=g\",\"url\":\"https:\\\/\\\/secure.gravatar.com\\\/avatar\\\/50c7eb92d88d3739c910cf9b852198e560ac8e6971465da40f41d610fe57ca7c?s=96&d=mm&r=g\",\"contentUrl\":\"https:\\\/\\\/secure.gravatar.com\\\/avatar\\\/50c7eb92d88d3739c910cf9b852198e560ac8e6971465da40f41d610fe57ca7c?s=96&d=mm&r=g\",\"caption\":\"Editor\"},\"url\":\"https:\\\/\\\/ellenwhiteaudio.org\\\/pt\\\/author\\\/uriel\\\/\"}]}<\/script>\n<!-- \/ Yoast SEO plugin. -->","yoast_head_json":{"title":"Paulo \u2013 O Ap\u00f3stolo da F\u00e9 e da Coragem - Ellen White Audio - Portugu\u00eas","robots":{"index":"index","follow":"follow","max-snippet":"max-snippet:-1","max-image-preview":"max-image-preview:large","max-video-preview":"max-video-preview:-1"},"canonical":"https:\/\/ellenwhiteaudio.org\/pt\/paulo-o-apostolo-da-fe-e-da-coragem\/","og_locale":"en_US","og_type":"article","og_title":"Paulo \u2013 O Ap\u00f3stolo da F\u00e9 e da Coragem - Ellen White Audio - Portugu\u00eas","og_description":"Ou\u00e7a a incr\u00edvel hist\u00f3ria da vida do Ap\u00f3stolo Paulo contada de uma maneira mais profunda, trazendo v\u00e1rias aplica\u00e7\u00f5es para nossa vida hoje.","og_url":"https:\/\/ellenwhiteaudio.org\/pt\/paulo-o-apostolo-da-fe-e-da-coragem\/","og_site_name":"Ellen White Audio - Portugu\u00eas","article_publisher":"https:\/\/www.facebook.com\/EllenWhiteAudioPT\/","article_published_time":"2018-09-25T19:29:38+00:00","article_modified_time":"2022-05-18T00:59:49+00:00","og_image":[{"width":800,"height":800,"url":"https:\/\/ellenwhiteaudio.org\/pt\/wp-content\/uploads\/sites\/2\/2018\/09\/folder-paulo-ap..jpg","type":"image\/jpeg"}],"author":"Editor","twitter_card":"summary_large_image","twitter_creator":"@ellenwhiteaudio","twitter_site":"@ellenwhiteaudio","twitter_misc":{"Written by":"Editor"},"schema":{"@context":"https:\/\/schema.org","@graph":[{"@type":"Article","@id":"https:\/\/ellenwhiteaudio.org\/pt\/paulo-o-apostolo-da-fe-e-da-coragem\/#article","isPartOf":{"@id":"https:\/\/ellenwhiteaudio.org\/pt\/paulo-o-apostolo-da-fe-e-da-coragem\/"},"author":{"name":"Editor","@id":"https:\/\/ellenwhiteaudio.org\/pt\/#\/schema\/person\/5e5eef8b4dd20d92f49962b3b29e63a1"},"headline":"Paulo \u2013 O Ap\u00f3stolo da F\u00e9 e da Coragem","datePublished":"2018-09-25T19:29:38+00:00","dateModified":"2022-05-18T00:59:49+00:00","mainEntityOfPage":{"@id":"https:\/\/ellenwhiteaudio.org\/pt\/paulo-o-apostolo-da-fe-e-da-coragem\/"},"wordCount":11,"publisher":{"@id":"https:\/\/ellenwhiteaudio.org\/pt\/#organization"},"image":{"@id":"https:\/\/ellenwhiteaudio.org\/pt\/paulo-o-apostolo-da-fe-e-da-coragem\/#primaryimage"},"thumbnailUrl":"https:\/\/ellenwhiteaudio.org\/pt\/wp-content\/uploads\/sites\/2\/2018\/09\/folder-paulo-ap..jpg","articleSection":["Ellen G. White: Livros"],"inLanguage":"en-US"},{"@type":"WebPage","@id":"https:\/\/ellenwhiteaudio.org\/pt\/paulo-o-apostolo-da-fe-e-da-coragem\/","url":"https:\/\/ellenwhiteaudio.org\/pt\/paulo-o-apostolo-da-fe-e-da-coragem\/","name":"Paulo \u2013 O Ap\u00f3stolo da F\u00e9 e da Coragem - Ellen White Audio - Portugu\u00eas","isPartOf":{"@id":"https:\/\/ellenwhiteaudio.org\/pt\/#website"},"primaryImageOfPage":{"@id":"https:\/\/ellenwhiteaudio.org\/pt\/paulo-o-apostolo-da-fe-e-da-coragem\/#primaryimage"},"image":{"@id":"https:\/\/ellenwhiteaudio.org\/pt\/paulo-o-apostolo-da-fe-e-da-coragem\/#primaryimage"},"thumbnailUrl":"https:\/\/ellenwhiteaudio.org\/pt\/wp-content\/uploads\/sites\/2\/2018\/09\/folder-paulo-ap..jpg","datePublished":"2018-09-25T19:29:38+00:00","dateModified":"2022-05-18T00:59:49+00:00","breadcrumb":{"@id":"https:\/\/ellenwhiteaudio.org\/pt\/paulo-o-apostolo-da-fe-e-da-coragem\/#breadcrumb"},"inLanguage":"en-US","potentialAction":[{"@type":"ReadAction","target":["https:\/\/ellenwhiteaudio.org\/pt\/paulo-o-apostolo-da-fe-e-da-coragem\/"]}]},{"@type":"ImageObject","inLanguage":"en-US","@id":"https:\/\/ellenwhiteaudio.org\/pt\/paulo-o-apostolo-da-fe-e-da-coragem\/#primaryimage","url":"https:\/\/ellenwhiteaudio.org\/pt\/wp-content\/uploads\/sites\/2\/2018\/09\/folder-paulo-ap..jpg","contentUrl":"https:\/\/ellenwhiteaudio.org\/pt\/wp-content\/uploads\/sites\/2\/2018\/09\/folder-paulo-ap..jpg","width":800,"height":800},{"@type":"BreadcrumbList","@id":"https:\/\/ellenwhiteaudio.org\/pt\/paulo-o-apostolo-da-fe-e-da-coragem\/#breadcrumb","itemListElement":[{"@type":"ListItem","position":1,"name":"Home","item":"https:\/\/ellenwhiteaudio.org\/pt\/"},{"@type":"ListItem","position":2,"name":"Paulo \u2013 O Ap\u00f3stolo da F\u00e9 e da Coragem"}]},{"@type":"WebSite","@id":"https:\/\/ellenwhiteaudio.org\/pt\/#website","url":"https:\/\/ellenwhiteaudio.org\/pt\/","name":"Ellen White Audio - Portugu\u00eas","description":"Livros de Ellen White em \u00e1udio","publisher":{"@id":"https:\/\/ellenwhiteaudio.org\/pt\/#organization"},"potentialAction":[{"@type":"SearchAction","target":{"@type":"EntryPoint","urlTemplate":"https:\/\/ellenwhiteaudio.org\/pt\/?s={search_term_string}"},"query-input":{"@type":"PropertyValueSpecification","valueRequired":true,"valueName":"search_term_string"}}],"inLanguage":"en-US"},{"@type":"Organization","@id":"https:\/\/ellenwhiteaudio.org\/pt\/#organization","name":"Ellen White Audio - Portugu\u00eas","url":"https:\/\/ellenwhiteaudio.org\/pt\/","logo":{"@type":"ImageObject","inLanguage":"en-US","@id":"https:\/\/ellenwhiteaudio.org\/pt\/#\/schema\/logo\/image\/","url":"https:\/\/ellenwhiteaudio.org\/pt\/wp-content\/uploads\/sites\/2\/2025\/02\/EGWaudio-Logo-colored-circle-blue-yellow-white-smaller.png","contentUrl":"https:\/\/ellenwhiteaudio.org\/pt\/wp-content\/uploads\/sites\/2\/2025\/02\/EGWaudio-Logo-colored-circle-blue-yellow-white-smaller.png","width":444,"height":444,"caption":"Ellen White Audio - Portugu\u00eas"},"image":{"@id":"https:\/\/ellenwhiteaudio.org\/pt\/#\/schema\/logo\/image\/"},"sameAs":["https:\/\/www.facebook.com\/EllenWhiteAudioPT\/","https:\/\/x.com\/ellenwhiteaudio","https:\/\/www.youtube.com\/@EllenWhiteAudioPortugu\u00eas","https:\/\/www.instagram.com\/ellenwhiteaudiopt\/"]},{"@type":"Person","@id":"https:\/\/ellenwhiteaudio.org\/pt\/#\/schema\/person\/5e5eef8b4dd20d92f49962b3b29e63a1","name":"Editor","image":{"@type":"ImageObject","inLanguage":"en-US","@id":"https:\/\/secure.gravatar.com\/avatar\/50c7eb92d88d3739c910cf9b852198e560ac8e6971465da40f41d610fe57ca7c?s=96&d=mm&r=g","url":"https:\/\/secure.gravatar.com\/avatar\/50c7eb92d88d3739c910cf9b852198e560ac8e6971465da40f41d610fe57ca7c?s=96&d=mm&r=g","contentUrl":"https:\/\/secure.gravatar.com\/avatar\/50c7eb92d88d3739c910cf9b852198e560ac8e6971465da40f41d610fe57ca7c?s=96&d=mm&r=g","caption":"Editor"},"url":"https:\/\/ellenwhiteaudio.org\/pt\/author\/uriel\/"}]}},"_links":{"self":[{"href":"https:\/\/ellenwhiteaudio.org\/pt\/wp-json\/wp\/v2\/posts\/506","targetHints":{"allow":["GET"]}}],"collection":[{"href":"https:\/\/ellenwhiteaudio.org\/pt\/wp-json\/wp\/v2\/posts"}],"about":[{"href":"https:\/\/ellenwhiteaudio.org\/pt\/wp-json\/wp\/v2\/types\/post"}],"author":[{"embeddable":true,"href":"https:\/\/ellenwhiteaudio.org\/pt\/wp-json\/wp\/v2\/users\/3"}],"replies":[{"embeddable":true,"href":"https:\/\/ellenwhiteaudio.org\/pt\/wp-json\/wp\/v2\/comments?post=506"}],"version-history":[{"count":2,"href":"https:\/\/ellenwhiteaudio.org\/pt\/wp-json\/wp\/v2\/posts\/506\/revisions"}],"predecessor-version":[{"id":814,"href":"https:\/\/ellenwhiteaudio.org\/pt\/wp-json\/wp\/v2\/posts\/506\/revisions\/814"}],"wp:featuredmedia":[{"embeddable":true,"href":"https:\/\/ellenwhiteaudio.org\/pt\/wp-json\/wp\/v2\/media\/813"}],"wp:attachment":[{"href":"https:\/\/ellenwhiteaudio.org\/pt\/wp-json\/wp\/v2\/media?parent=506"}],"wp:term":[{"taxonomy":"category","embeddable":true,"href":"https:\/\/ellenwhiteaudio.org\/pt\/wp-json\/wp\/v2\/categories?post=506"},{"taxonomy":"post_tag","embeddable":true,"href":"https:\/\/ellenwhiteaudio.org\/pt\/wp-json\/wp\/v2\/tags?post=506"},{"taxonomy":"app-category","embeddable":true,"href":"https:\/\/ellenwhiteaudio.org\/pt\/wp-json\/wp\/v2\/app-category?post=506"}],"curies":[{"name":"wp","href":"https:\/\/api.w.org\/{rel}","templated":true}]}}